{"id":915,"date":"2026-03-17T10:30:30","date_gmt":"2026-03-17T09:30:30","guid":{"rendered":"https:\/\/komba-vgf.de\/wp\/?p=915"},"modified":"2026-03-19T08:02:07","modified_gmt":"2026-03-19T07:02:07","slug":"steissgeburt-tarifeinigung-tv-n-17-03-26","status":"publish","type":"post","link":"https:\/\/komba-vgf.de\/wp\/?p=915","title":{"rendered":"Stei\u00dfgeburt Tarifeinigung TV-N, 17.03.26"},"content":{"rendered":"<p>&#8222;Eine schwere Stei\u00dfgeburt mit Verlusten&#8220;<\/p>\n<p>Anders kann ich das nicht nennen was sich am 16.03.2026 abgespielt hat. Die Stimmung war gut und der Wille abzuschlie\u00dfen wurde, meiner Meinung, immer weniger. Eingebrachte Forderungen wurden verworfen, gar abgelehnt. Neu besprochen, dann verworfen.<\/p>\n<p>Haarig waren die Verhandlungen und schwierig. Ja, einerseits haben die klammen Kommunalen Haushalte damit zu tun, andererseits ein v\u00f6llig anderer Arbeitsmarkt als wie vor 2 Jahren. Fakt ist auch das das Deutschlandticket massive Einbr\u00fcche hervorrufen die eine Abo oder Monatskarte \u00fcberfl\u00fcssig machen. Das Geld wird woanders gemacht.<\/p>\n<p>Was ist also \u00fcbrig geblieben von unseren Forderungen?<\/p>\n<p>Einzig die Ballungsraumzulage im Fahrdienst wurde von den Einwohnerzahlen gesenkt.<\/p>\n<p>Von 100.000 Einwohnern auf 70.000 Einwohnern gesenkt. Aber keine Erh\u00f6hung oder Dynamisierung. Das kommt den Kolleginnen und Kollegen zugute die hierunter fallen. Gl\u00fcckwunsch<\/p>\n<p>Aus dem Forderungskatalog, den ihr weiter vorne nachlesen k\u00f6nnt, ist nicht viel geblieben.<\/p>\n<p>Abzuschlie\u00dfen ist zu sagen: Sorry, mehr ging net. Wobei die Mitgliederzahlen der Gewerkschaften auch eine Rolle spielt. Haste mehr, geht auch mehr.<\/p>\n<p>&nbsp;<\/p>\n<p>Meine Meinung in diesem Beitrag, spiegelt nicht unbedingt die Meinung der komba gewerkschaft wieder.<\/p>\n<p>Markus Rauchfu\u00df<\/p>\n<figure id=\"attachment_918\" aria-describedby=\"caption-attachment-918\" style=\"width: 288px\" class=\"wp-caption alignnone\"><img loading=\"lazy\" decoding=\"async\" class=\"wp-image-918\" src=\"https:\/\/komba-vgf.de\/wp\/wp-content\/uploads\/2026\/03\/IMG_20260316_225416-scaled.jpg\" alt=\"Tarifverhandlungen TV-N\" width=\"288\" height=\"384\" srcset=\"https:\/\/komba-vgf.de\/wp\/wp-content\/uploads\/2026\/03\/IMG_20260316_225416-scaled.jpg 1920w, https:\/\/komba-vgf.de\/wp\/wp-content\/uploads\/2026\/03\/IMG_20260316_225416-225x300.jpg 225w, https:\/\/komba-vgf.de\/wp\/wp-content\/uploads\/2026\/03\/IMG_20260316_225416-768x1024.jpg 768w, https:\/\/komba-vgf.de\/wp\/wp-content\/uploads\/2026\/03\/IMG_20260316_225416-1152x1536.jpg 1152w, https:\/\/komba-vgf.de\/wp\/wp-content\/uploads\/2026\/03\/IMG_20260316_225416-1536x2048.jpg 1536w\" sizes=\"auto, (max-width: 288px) 100vw, 288px\" \/><figcaption id=\"caption-attachment-918\" class=\"wp-caption-text\">komba Arbeitsgruppe der Tarifverhandlungen TV-N<\/figcaption><\/figure>\n<figure id=\"attachment_919\" aria-describedby=\"caption-attachment-919\" style=\"width: 1600px\" class=\"wp-caption alignnone\"><img loading=\"lazy\" decoding=\"async\" class=\"wp-image-919 size-full\" src=\"https:\/\/komba-vgf.de\/wp\/wp-content\/uploads\/2026\/03\/IMG-20260317-WA0013.jpg\" alt=\"Tarifverhandlungen TV-N 2026\" width=\"1600\" height=\"900\" srcset=\"https:\/\/komba-vgf.de\/wp\/wp-content\/uploads\/2026\/03\/IMG-20260317-WA0013.jpg 1600w, https:\/\/komba-vgf.de\/wp\/wp-content\/uploads\/2026\/03\/IMG-20260317-WA0013-300x169.jpg 300w, https:\/\/komba-vgf.de\/wp\/wp-content\/uploads\/2026\/03\/IMG-20260317-WA0013-1024x576.jpg 1024w, https:\/\/komba-vgf.de\/wp\/wp-content\/uploads\/2026\/03\/IMG-20260317-WA0013-768x432.jpg 768w, https:\/\/komba-vgf.de\/wp\/wp-content\/uploads\/2026\/03\/IMG-20260317-WA0013-1536x864.jpg 1536w\" sizes=\"auto, (max-width: 1600px) 100vw, 1600px\" \/><figcaption id=\"caption-attachment-919\" class=\"wp-caption-text\">Warten zwischen den Verhandlungsphasen. V.l.n.R. Richard Senf, Markus Rauchfu\u00df, Marcus Laatz + Jens Dienst (NaVG), Sebastian Wiegand (DBB), Arno Poka hat das Bild gemacht.<\/figcaption><\/figure>\n","protected":false},"excerpt":{"rendered":"<p>&#8222;Eine schwere Stei\u00dfgeburt mit Verlusten&#8220; Anders kann ich das nicht nennen was sich am 16.03.2026 abgespielt hat. Die Stimmung war gut und der Wille abzuschlie\u00dfen&#8230;<\/p>\n","protected":false},"author":1,"featured_media":0,"comment_status":"closed","ping_status":"closed","sticky":false,"template":"","format":"standard","meta":{"footnotes":""},"categories":[1],"tags":[],"class_list":["post-915","post","type-post","status-publish","format-standard","hentry","category-aktuelles","entry"],"_links":{"self":[{"href":"https:\/\/komba-vgf.de\/wp\/index.php?rest_route=\/wp\/v2\/posts\/915","targetHints":{"allow":["GET"]}}],"collection":[{"href":"https:\/\/komba-vgf.de\/wp\/index.php?rest_route=\/wp\/v2\/posts"}],"about":[{"href":"https:\/\/komba-vgf.de\/wp\/index.php?rest_route=\/wp\/v2\/types\/post"}],"author":[{"embeddable":true,"href":"https:\/\/komba-vgf.de\/wp\/index.php?rest_route=\/wp\/v2\/users\/1"}],"replies":[{"embeddable":true,"href":"https:\/\/komba-vgf.de\/wp\/index.php?rest_route=%2Fwp%2Fv2%2Fcomments&post=915"}],"version-history":[{"count":5,"href":"https:\/\/komba-vgf.de\/wp\/index.php?rest_route=\/wp\/v2\/posts\/915\/revisions"}],"predecessor-version":[{"id":922,"href":"https:\/\/komba-vgf.de\/wp\/index.php?rest_route=\/wp\/v2\/posts\/915\/revisions\/922"}],"wp:attachment":[{"href":"https:\/\/komba-vgf.de\/wp\/index.php?rest_route=%2Fwp%2Fv2%2Fmedia&parent=915"}],"wp:term":[{"taxonomy":"category","embeddable":true,"href":"https:\/\/komba-vgf.de\/wp\/index.php?rest_route=%2Fwp%2Fv2%2Fcategories&post=915"},{"taxonomy":"post_tag","embeddable":true,"href":"https:\/\/komba-vgf.de\/wp\/index.php?rest_route=%2Fwp%2Fv2%2Ftags&post=915"}],"curies":[{"name":"wp","href":"https:\/\/api.w.org\/{rel}","templated":true}]}}