{"id":826,"date":"2025-03-29T07:58:26","date_gmt":"2025-03-29T06:58:26","guid":{"rendered":"https:\/\/komba-vgf.de\/wp\/?p=826"},"modified":"2025-03-29T08:10:25","modified_gmt":"2025-03-29T07:10:25","slug":"fakten-aus-der-schlichtung","status":"publish","type":"post","link":"https:\/\/komba-vgf.de\/wp\/?p=826","title":{"rendered":"Fakten aus der Schlichtung"},"content":{"rendered":"<p><img loading=\"lazy\" decoding=\"async\" class=\"alignnone size-full wp-image-827\" src=\"https:\/\/komba-vgf.de\/wp\/wp-content\/uploads\/2025\/03\/Schlichtung_TVod_25_01.png\" alt=\"\" width=\"622\" height=\"877\" srcset=\"https:\/\/komba-vgf.de\/wp\/wp-content\/uploads\/2025\/03\/Schlichtung_TVod_25_01.png 622w, https:\/\/komba-vgf.de\/wp\/wp-content\/uploads\/2025\/03\/Schlichtung_TVod_25_01-213x300.png 213w\" sizes=\"auto, (max-width: 622px) 100vw, 622px\" \/><\/p>\n<p><img loading=\"lazy\" decoding=\"async\" class=\"alignnone size-full wp-image-828\" src=\"https:\/\/komba-vgf.de\/wp\/wp-content\/uploads\/2025\/03\/Schlichtung_TVod_25_02.png\" alt=\"\" width=\"617\" height=\"871\" srcset=\"https:\/\/komba-vgf.de\/wp\/wp-content\/uploads\/2025\/03\/Schlichtung_TVod_25_02.png 617w, https:\/\/komba-vgf.de\/wp\/wp-content\/uploads\/2025\/03\/Schlichtung_TVod_25_02-213x300.png 213w\" sizes=\"auto, (max-width: 617px) 100vw, 617px\" \/><\/p>\n<p><img loading=\"lazy\" decoding=\"async\" class=\"alignnone size-full wp-image-829\" src=\"https:\/\/komba-vgf.de\/wp\/wp-content\/uploads\/2025\/03\/Schlichtung_TVod_25_03.png\" alt=\"\" width=\"617\" height=\"871\" srcset=\"https:\/\/komba-vgf.de\/wp\/wp-content\/uploads\/2025\/03\/Schlichtung_TVod_25_03.png 617w, https:\/\/komba-vgf.de\/wp\/wp-content\/uploads\/2025\/03\/Schlichtung_TVod_25_03-213x300.png 213w\" sizes=\"auto, (max-width: 617px) 100vw, 617px\" \/><\/p>\n<p style=\"text-align: center;\"><a href=\"https:\/\/www.dbb.de\/fileadmin\/user_upload\/globale_elemente\/pdfs\/2025\/Einkommensrunde\/250328_Einkommensrunde_TVoeD_2025_Nr23.pdf\" target=\"_blank\" rel=\"noopener\">Download als PDF<\/a><\/p>\n<p>Abschluss des Schlichtungsverfahrens<br \/>\n<span style=\"color: #ff00ff;\"><strong><span style=\"font-size: 14pt;\">Fakten aus der Schlichtung<\/span> mit Bund und Kommunen<\/strong><\/span><br \/>\nAm 28. M\u00e4rz 2025 wurde die Schlichtung in der Einkommensrunde 2025 mit Bund und Kommunen<br \/>\nbeendet. Die Schlichter haben eine Einigungsempfehlung abgegeben. Die gemeinsame Schlichtungskommission von Arbeitgeber- und Gewerkschaftsseite hat mehrheitlich zugestimmt. Einen ersten \u00dcberblick \u00fcber die Empfehlung bieten wir mit diesem Flugblatt. Weitere Details erkl\u00e4ren wir in einem<br \/>\nRundschreiben vom 28. M\u00e4rz 2025. Am 5. April 2025 wird in Potsdam die Bundestarifkommission dar\u00fcber entscheiden, ob aus dem Schlichterspruch ein Tarifvertrag wird.<\/p>\n<p><span style=\"color: #ff00ff;\">Die Fakten aus der Schlichtung<\/span><br \/>\n<strong>Welche Entgelterh\u00f6hungen werden empfohlen?<\/strong><br \/>\nDie Tabellenentgelte sollen in zwei Schritten steigen:<br \/>\n&#8211;\u00a0 \u00a0 ab dem 1. April 2025 um 3 %, mindestens aber 110 Euro<br \/>\n&#8211;\u00a0 \u00a0 ab dem 1. Mai 2026 um weitere 2,8 %<\/p>\n<p><strong>Wird eine soziale Komponente empfohlen?<\/strong><br \/>\nDie Einigungsempfehlung enth\u00e4lt einen Mindestbetrag in H\u00f6he von 110 Euro im ersten Erh\u00f6hungs-<br \/>\nschritt als soziale Komponente. Das f\u00fchrt zu einer \u00fcberproportionalen Erh\u00f6hung des Tabellenentgelts<br \/>\nin den allgemeinen Tabellen in den gesamten Entgeltgruppen 1 bis 5 sowie in Entgeltgruppe 6 bis zur<br \/>\nStufe 5, in Entgeltgruppe 7 bis zur Stufe 4, in Entgeltgruppe 8 bis zur Stufe 3, in Entgeltgruppe 9a bis<br \/>\nzur Stufe 2 und in Entgeltgruppe 9b Stufe 1. So kommen im ersten Schritt prozentuale Erh\u00f6hungen<br \/>\nvon bis zu 4,67 % zustande.<\/p>\n<p><strong>Was ist f\u00fcr Auszubildende, dual Studierende, Praktikantinnen und Praktikanten vorgesehen?<\/strong><br \/>\nDie Verg\u00fctung der Auszubildenden, dual Studierenden, Praktikantinnen und Praktikanten soll ebenfalls in zwei Schritten ansteigen:<br \/>\n&#8211;\u00a0 \u00a0 ab dem 1. April 2025 um 75 Euro<br \/>\n&#8211;\u00a0 \u00a0 ab dem 1. Mai 2026 um weitere 75 Euro<br \/>\nDie Auszubildenden und dual Studierenden sollen bei betrieblichem Bedarf unbefristet \u00fcbernommen werden, wenn sie mindestens mit der Note \u201eBefriedigend\u201c abgeschlossen haben.<\/p>\n<p><strong>Soll es Instrumente zur Entlastung der Besch\u00e4ftigten geben?<\/strong><br \/>\n<span style=\"color: #ff00ff;\">Zus\u00e4tzlicher freier Tag f\u00fcr alle<\/span><br \/>\nAb dem Jahr 2027 soll es einen zus\u00e4tzlichen Urlaubstag f\u00fcr alle Besch\u00e4ftigten geben.<\/p>\n<p><span style=\"color: #ff00ff;\">Jahressonderzahlung und Umwandlungstage<\/span><br \/>\nDie Jahressonderzahlung soll ab 2026 erh\u00f6ht werden:<br \/>\nBund: EG 1 bis 8: von 90 auf 95 %<br \/>\nEG 9a bis 12: von 80 auf 90 %<br \/>\nEG 13 bis 15: von 60 auf 75 %<br \/>\nVKA: 85 % in allen EG<br \/>\n90 % in den EG 1 bis 8 in den Bereichen BT-K und BT-B<br \/>\nEs soll die M\u00f6glichkeit geben, diese (au\u00dfer in Krankenh\u00e4usern, Pflege- und Betreuungseinrichtungen) in bis zu drei zus\u00e4tzliche freie Tage umzuwandeln. F\u00fcr den Bereich der Besonderen Teile Krankenh\u00e4user und Pflege- und Betreuungseinrichtungen soll als Ausgleich f\u00fcr die fehlende Umwandlungsm\u00f6glichkeit die Jahressonderzahlung in den Entgeltgruppen 1 bis 8 auf 90 % erh\u00f6ht werden.<\/p>\n<p><span style=\"color: #ff00ff;\">Schicht- und Wechselschichtzulagen<\/span><br \/>\nDie Zulage f\u00fcr st\u00e4ndige Schichtarbeit soll ab dem 1. Juli 2025 von 40 Euro auf 100 Euro monatlich erh\u00f6ht werden. Die Zulage f\u00fcr st\u00e4ndige Wechselschichtarbeit soll zum gleichen Zeitpunkt von 105 Euro auf 200 Euro steigen, im Bereich der Krankenh\u00e4user, Pflege- und Betreuungseinrichtungen von 155 Euro auf 250 Euro. Die Stundens\u00e4tze f\u00fcr nicht st\u00e4ndige Schicht- und Wechselschichtarbeit sollen entsprechend erh\u00f6ht werden. Ab dem Jahr 2027 sollen diese Zulagen dynamisiert werden.<\/p>\n<p><strong>Welche Instrumente der Arbeitszeitsouver\u00e4nit\u00e4t sind vorgesehen?<\/strong><br \/>\n<span style=\"color: #ff00ff;\">Arbeitszeitkonto<\/span><br \/>\nAuf betrieblicher Ebene soll durch Betriebs- oder Dienstvereinbarung ein Langzeitkonto vereinbart werden k\u00f6nnen. Das eingebrachte Wertguthaben soll zum Beispiel f\u00fcr Sabbaticals, eine Verringerung der Arbeitszeit, Freistellungen f\u00fcr Kinderbetreuungen und Pflege verwendet werden k\u00f6nnen.<\/p>\n<p><span style=\"color: #ff00ff;\">Gleitzeit<\/span><br \/>\nDie Regelungen zur Gleitzeit sollen zuk\u00fcnftig genauer gefasst und eine Kappung von Stunden vermieden werden. Wenn ein Langzeitkonto eingerichtet ist, soll auch eine \u00dcbertragung von Plusstunden auf dieses Konto erfolgen k\u00f6nnen. K\u00fcnftig sollen auch \u00dcberstunden angeordnet werden, um die Kappung zu vermeiden.<\/p>\n<p><span style=\"color: #ff00ff;\">Freiwillige Verl\u00e4ngerung der Arbeitszeit mit Zulagen<\/span><br \/>\nBesch\u00e4ftigte und Arbeitgeber k\u00f6nnen \u2013 f\u00fcr beide Seiten freiwillig \u2013 vereinbaren, dass ab dem Jahr 2026 die w\u00f6chentliche Arbeitszeit auf bis zu 42 Stunden erh\u00f6ht wird. Das kann f\u00fcr einen Zeitraum von bis zu 18 Monaten vereinbart werden. Die Vereinbarung kann aus wichtigem Grund mit einer Frist von vier<br \/>\nWochen zum Monatsende gek\u00fcndigt werden. Die Besch\u00e4ftigten erhalten dann das entsprechend erh\u00f6hte Entgelt, entsprechend erh\u00f6hte sonstige Entgeltbestandteile und einen Zuschlag f\u00fcr jede Erh\u00f6hungsstunde. Der Zuschlag betr\u00e4gt:<\/p>\n<ul>\n<li>\u00a0 in den Entgeltgruppen 1 bis 9b: 25 %<br \/>\nin den Entgeltgruppen 9c bis 15: 10 % des Tabellenentgelts der Stufe 3 der jeweiligen Entgeltgruppe<\/li>\n<\/ul>\n<p><strong>Welche Laufzeit der Regelungen wird vorgeschlagen?<\/strong><br \/>\nDie Empfehlung beinhaltet eine Laufzeit von 27 Monaten bis zum 31. M\u00e4rz 2027.<\/p>\n<p><strong>Welche weiteren Regelungen enth\u00e4lt die Schlichtungsempfehlung?<\/strong><br \/>\nIm Bereich Rettungsdienst erfolgt eine Absenkung der Wochenarbeitszeit von 48 auf 46 Stunden ab dem 1. Januar 2026 und auf 44 Stunden ab dem 1. Januar 2027. Des Weiteren wird die M\u00f6glichkeit von 24-Stunden-Diensten mit maximal neun Stunden Vollarbeit festgeschrieben.<br \/>\nIm Bereich des Bundes wird die bisher nur f\u00fcr das Tarifgebiet West geltende K\u00fcndigungsschutzregelung f\u00fcr Besch\u00e4ftigte \u00fcber 40 mit einer Besch\u00e4ftigungszeit von mehr als 15 Jahren auf das Tarifgebiet Ost ausgedehnt. F\u00fcr die Mitglieder der VKA enth\u00e4lt die Einigungsempfehlung hingegen keine Angleichung.<br \/>\nF\u00fcr den Bereich der Hebammen soll die Eckeingruppierung k\u00fcnftig in die Entgeltgruppe P 11 erfolgen.<\/p>\n","protected":false},"excerpt":{"rendered":"<p>Download als PDF Abschluss des Schlichtungsverfahrens Fakten aus der Schlichtung mit Bund und Kommunen Am 28. M\u00e4rz 2025 wurde die Schlichtung in der Einkommensrunde 2025&#8230;<\/p>\n","protected":false},"author":2,"featured_media":0,"comment_status":"closed","ping_status":"closed","sticky":false,"template":"","format":"standard","meta":{"footnotes":""},"categories":[1],"tags":[],"class_list":["post-826","post","type-post","status-publish","format-standard","hentry","category-aktuelles","entry"],"_links":{"self":[{"href":"https:\/\/komba-vgf.de\/wp\/index.php?rest_route=\/wp\/v2\/posts\/826","targetHints":{"allow":["GET"]}}],"collection":[{"href":"https:\/\/komba-vgf.de\/wp\/index.php?rest_route=\/wp\/v2\/posts"}],"about":[{"href":"https:\/\/komba-vgf.de\/wp\/index.php?rest_route=\/wp\/v2\/types\/post"}],"author":[{"embeddable":true,"href":"https:\/\/komba-vgf.de\/wp\/index.php?rest_route=\/wp\/v2\/users\/2"}],"replies":[{"embeddable":true,"href":"https:\/\/komba-vgf.de\/wp\/index.php?rest_route=%2Fwp%2Fv2%2Fcomments&post=826"}],"version-history":[{"count":3,"href":"https:\/\/komba-vgf.de\/wp\/index.php?rest_route=\/wp\/v2\/posts\/826\/revisions"}],"predecessor-version":[{"id":832,"href":"https:\/\/komba-vgf.de\/wp\/index.php?rest_route=\/wp\/v2\/posts\/826\/revisions\/832"}],"wp:attachment":[{"href":"https:\/\/komba-vgf.de\/wp\/index.php?rest_route=%2Fwp%2Fv2%2Fmedia&parent=826"}],"wp:term":[{"taxonomy":"category","embeddable":true,"href":"https:\/\/komba-vgf.de\/wp\/index.php?rest_route=%2Fwp%2Fv2%2Fcategories&post=826"},{"taxonomy":"post_tag","embeddable":true,"href":"https:\/\/komba-vgf.de\/wp\/index.php?rest_route=%2Fwp%2Fv2%2Ftags&post=826"}],"curies":[{"name":"wp","href":"https:\/\/api.w.org\/{rel}","templated":true}]}}