{"id":481,"date":"2021-11-25T12:56:56","date_gmt":"2021-11-25T11:56:56","guid":{"rendered":"https:\/\/komba-vgf.de\/wp\/?p=481"},"modified":"2021-11-25T13:17:17","modified_gmt":"2021-11-25T12:17:17","slug":"3g-regel-am-arbeitsplatz-was-heisst-das-fuer-mich","status":"publish","type":"post","link":"https:\/\/komba-vgf.de\/wp\/?p=481","title":{"rendered":"3G-Regel am Arbeitsplatz, was heisst das f\u00fcr mich?"},"content":{"rendered":"<p><img loading=\"lazy\" decoding=\"async\" class=\"\" src=\"https:\/\/www.bundesregierung.de\/resource\/image\/1984530\/16x9\/990\/557\/b065ddb99fd988611eb30fce416e8106\/nP\/2021-11-24-grafik-3g-arbeitsplatz-16-9.png\" alt=\"3G-Regel am Arbeitsplatz\" width=\"596\" height=\"335\" \/><\/p>\n<p>Der Zutritt zur Arbeitsst\u00e4tte ist nur noch Besch\u00e4ftigten mit 3G-Status erlaubt \u2013 das hei\u00dft, sie m\u00fcssen gegen das Coronavirus geimpft sein, genesen oder negativ getestet. <strong>Der Arbeitgeber ist verpflichtet, die entsprechenden Nachweise <span style=\"color: #ff00ff;\">vor<\/span> Betreten der Arbeitsst\u00e4tte zu kontrollieren.<\/strong> Das legt das neue <a class=\"bpa-link-external\" title=\"Externer Link: Gesetz zur \u00c4nderung des Infektionsschutzgesetzes (\u00d6ffnet neues Fenster)\" href=\"https:\/\/www.bundesgesundheitsministerium.de\/ministerium\/gesetze-und-verordnungen\/guv-20-lp\/ifsg-aend.html\" target=\"_blank\" rel=\"noopener noreferrer\"> <span class=\"bpa-link-text\">Infektionsschutzgesetz<\/span><\/a>\u00a0fest, das am 24. November in Kraft getreten ist.<\/p>\n<h2 class=\"\" style=\"text-align: center;\"><strong>Nachweis am Eingang vorlegen<\/strong><\/h2>\n<p><strong>Wer das Betriebsgel\u00e4nde betreten will, muss einen Nachweis \u00fcber seinen Impf- beziehungsweise Genesenenstatus oder einen aktuellen Negativ-Test vorlegen.<\/strong> Ausnahmen gelten nur, wenn unmittelbar vor Ort ein Test- oder Impfangebot wahrgenommen wird. Verst\u00f6\u00dfe werden auf Seiten der Arbeitgeber und der Besch\u00e4ftigten mit einem Bu\u00dfgeld geahndet und k\u00f6nnen f\u00fcr Besch\u00e4ftigte arbeitsrechtliche Konsequenzen haben. Arbeitgeber sind verpflichtet, zweimal pro Woche ein Testangebot zu unterbreiten.<\/p>\n<p>Die Daten \u00fcber den Geimpft-, Genesen- oder Getestet-Status d\u00fcrfen von den Arbeitgebern dokumentiert werden. Das soll dabei helfen, Arbeitsabl\u00e4ufe besser planen und betriebliche Hygienekonzepte leichter anpassen zu k\u00f6nnen. Die Daten d\u00fcrfen jedoch nicht langfristig gespeichert werden.<\/p>\n<p>Zum Schutz von Menschen, die in Pflegeeinrichtungen und Heimen betreut werden, m\u00fcssen dort die Besch\u00e4ftigten, auch wenn sie geimpft oder genesen sind, zus\u00e4tzlich regelm\u00e4\u00dfig einen negativen Test vorlegen. Dieser Test kann als Selbst-Test ohne \u00dcberwachung durchgef\u00fchrt werden.<\/p>\n<p>Quelle: <a href=\"https:\/\/www.bundesregierung.de\/breg-de\/themen\/buerokratieabbau\/infektionsschutz-arbeitsplatz-1983894\" target=\"_blank\" rel=\"noopener\">https:\/\/www.bundesregierung.de\/breg-de\/themen\/buerokratieabbau\/infektionsschutz-arbeitsplatz-1983894<\/a><\/p>\n<p><a href=\"https:\/\/www.bmas.de\/SharedDocs\/Downloads\/DE\/Arbeitsschutz\/corona-faqs-betrieblicher-infektionsschutz.pdf?__blob=publicationFile&amp;v=3\" target=\"_blank\" rel=\"noopener\"><span id=\"page982R_mcid1\" class=\"markedContent\"><span dir=\"ltr\" role=\"presentation\">Fragen und Antworten zum betrieblichen Infektionsschutz<\/span><\/span><\/a><\/p>\n","protected":false},"excerpt":{"rendered":"<p>Der Zutritt zur Arbeitsst\u00e4tte ist nur noch Besch\u00e4ftigten mit 3G-Status erlaubt \u2013 das hei\u00dft, sie m\u00fcssen gegen das Coronavirus geimpft sein, genesen oder negativ getestet.&#8230;<\/p>\n","protected":false},"author":1,"featured_media":0,"comment_status":"closed","ping_status":"closed","sticky":false,"template":"","format":"standard","meta":{"footnotes":""},"categories":[1],"tags":[],"class_list":["post-481","post","type-post","status-publish","format-standard","hentry","category-aktuelles","entry"],"_links":{"self":[{"href":"https:\/\/komba-vgf.de\/wp\/index.php?rest_route=\/wp\/v2\/posts\/481","targetHints":{"allow":["GET"]}}],"collection":[{"href":"https:\/\/komba-vgf.de\/wp\/index.php?rest_route=\/wp\/v2\/posts"}],"about":[{"href":"https:\/\/komba-vgf.de\/wp\/index.php?rest_route=\/wp\/v2\/types\/post"}],"author":[{"embeddable":true,"href":"https:\/\/komba-vgf.de\/wp\/index.php?rest_route=\/wp\/v2\/users\/1"}],"replies":[{"embeddable":true,"href":"https:\/\/komba-vgf.de\/wp\/index.php?rest_route=%2Fwp%2Fv2%2Fcomments&post=481"}],"version-history":[{"count":4,"href":"https:\/\/komba-vgf.de\/wp\/index.php?rest_route=\/wp\/v2\/posts\/481\/revisions"}],"predecessor-version":[{"id":485,"href":"https:\/\/komba-vgf.de\/wp\/index.php?rest_route=\/wp\/v2\/posts\/481\/revisions\/485"}],"wp:attachment":[{"href":"https:\/\/komba-vgf.de\/wp\/index.php?rest_route=%2Fwp%2Fv2%2Fmedia&parent=481"}],"wp:term":[{"taxonomy":"category","embeddable":true,"href":"https:\/\/komba-vgf.de\/wp\/index.php?rest_route=%2Fwp%2Fv2%2Fcategories&post=481"},{"taxonomy":"post_tag","embeddable":true,"href":"https:\/\/komba-vgf.de\/wp\/index.php?rest_route=%2Fwp%2Fv2%2Ftags&post=481"}],"curies":[{"name":"wp","href":"https:\/\/api.w.org\/{rel}","templated":true}]}}