{"id":427,"date":"2021-04-23T09:54:57","date_gmt":"2021-04-23T07:54:57","guid":{"rendered":"https:\/\/komba-vgf.de\/wp\/?p=427"},"modified":"2021-04-23T10:02:16","modified_gmt":"2021-04-23T08:02:16","slug":"neues-zum-jobrad-erst-pruefen-dann-radeln","status":"publish","type":"post","link":"https:\/\/komba-vgf.de\/wp\/?p=427","title":{"rendered":"Neues zum Jobrad: Erst pr\u00fcfen, dann radeln!"},"content":{"rendered":"<h2><img loading=\"lazy\" decoding=\"async\" class=\"wp-image-8 alignleft\" src=\"https:\/\/komba-vgf.de\/wp\/wp-content\/uploads\/2016\/09\/Logo368x369-150x150.jpg\" alt=\"\" width=\"89\" height=\"89\" srcset=\"https:\/\/komba-vgf.de\/wp\/wp-content\/uploads\/2016\/09\/Logo368x369-150x150.jpg 150w, https:\/\/komba-vgf.de\/wp\/wp-content\/uploads\/2016\/09\/Logo368x369-300x300.jpg 300w, https:\/\/komba-vgf.de\/wp\/wp-content\/uploads\/2016\/09\/Logo368x369.jpg 368w\" sizes=\"auto, (max-width: 89px) 100vw, 89px\" \/>In der Redaktion zum Tarifvertrag f\u00fcr Besch\u00e4ftigte von Bund und Kommunen ging es auch um das Jobrad. Ob es eine Option ist? Alle wichtigen Infos gibt es in einem Flyer.<\/h2>\n<p>Gesundheit ist vieles zugleich: Schlagwort, Wunsch, gesellschaftlicher Trend und vor allem eine Notwendigkeit, um die wir uns alle selbst k\u00fcmmern m\u00fcssen. Gesundheit hatte immer schon mit Bewegung zu tun, bislang aber wenig mit Tarifpolitik. Wir haben nun beide Aspekte \u2013 Bewegung und Tarif \u2013 mit den kommunalen Arbeitgebern zusammengebracht. Im Bereich der Kommunen k\u00f6nnen die Arbeitgeber nun Entgeltumwandlung zum Fahrrad-Leasing anbieten.<\/p>\n<p>Uns als Tarifpartner war dabei wichtig, dass dieses tarifvertragliche Angebot f\u00fcr alle Besch\u00e4ftigten gilt. Das konnten wir auch durchsetzen. Ob nun das Jobrad der richtige Weg zu mehr Fitness und Gesundheit ist, ob die Rahmenbedingungen f\u00fcr die einzelne Kollegin oder den einzelnen Kollegen passend sind, muss jeder selbst pr\u00fcfen. Dieser Flyer gibt konkrete Hilfestellung nach dem Motto: Erst pr\u00fcfen, dann radeln.<\/p>\n<p>Der\u00a0<a class=\"download\" title=\"Open or download file in new window\" href=\"https:\/\/www.komba.de\/fileadmin\/user_upload\/bund\/dbb_infos_sonstige\/2021\/Flyer_Jobrad_komba_20210401.pdf\" target=\"_blank\" rel=\"noopener\">Tarifflyer &#8222;Jobrad &#8211; erst pr\u00fcfen, dann radeln!&#8220; in der komba-Web-Version<\/a> als pdf-Download.<\/p>\n","protected":false},"excerpt":{"rendered":"<p>In der Redaktion zum Tarifvertrag f\u00fcr Besch\u00e4ftigte von Bund und Kommunen ging es auch um das Jobrad. Ob es eine Option ist? Alle wichtigen Infos&#8230;<\/p>\n","protected":false},"author":2,"featured_media":0,"comment_status":"closed","ping_status":"closed","sticky":false,"template":"","format":"standard","meta":{"footnotes":""},"categories":[1],"tags":[],"class_list":["post-427","post","type-post","status-publish","format-standard","hentry","category-aktuelles","entry"],"_links":{"self":[{"href":"https:\/\/komba-vgf.de\/wp\/index.php?rest_route=\/wp\/v2\/posts\/427","targetHints":{"allow":["GET"]}}],"collection":[{"href":"https:\/\/komba-vgf.de\/wp\/index.php?rest_route=\/wp\/v2\/posts"}],"about":[{"href":"https:\/\/komba-vgf.de\/wp\/index.php?rest_route=\/wp\/v2\/types\/post"}],"author":[{"embeddable":true,"href":"https:\/\/komba-vgf.de\/wp\/index.php?rest_route=\/wp\/v2\/users\/2"}],"replies":[{"embeddable":true,"href":"https:\/\/komba-vgf.de\/wp\/index.php?rest_route=%2Fwp%2Fv2%2Fcomments&post=427"}],"version-history":[{"count":1,"href":"https:\/\/komba-vgf.de\/wp\/index.php?rest_route=\/wp\/v2\/posts\/427\/revisions"}],"predecessor-version":[{"id":428,"href":"https:\/\/komba-vgf.de\/wp\/index.php?rest_route=\/wp\/v2\/posts\/427\/revisions\/428"}],"wp:attachment":[{"href":"https:\/\/komba-vgf.de\/wp\/index.php?rest_route=%2Fwp%2Fv2%2Fmedia&parent=427"}],"wp:term":[{"taxonomy":"category","embeddable":true,"href":"https:\/\/komba-vgf.de\/wp\/index.php?rest_route=%2Fwp%2Fv2%2Fcategories&post=427"},{"taxonomy":"post_tag","embeddable":true,"href":"https:\/\/komba-vgf.de\/wp\/index.php?rest_route=%2Fwp%2Fv2%2Ftags&post=427"}],"curies":[{"name":"wp","href":"https:\/\/api.w.org\/{rel}","templated":true}]}}