{"id":425,"date":"2021-04-23T09:53:00","date_gmt":"2021-04-23T07:53:00","guid":{"rendered":"https:\/\/komba-vgf.de\/wp\/?p=425"},"modified":"2021-04-23T10:02:27","modified_gmt":"2021-04-23T08:02:27","slug":"personalmangel-im-oeffentlichen-dienst","status":"publish","type":"post","link":"https:\/\/komba-vgf.de\/wp\/?p=425","title":{"rendered":"Personalmangel im \u00f6ffentlichen Dienst"},"content":{"rendered":"<h2><img loading=\"lazy\" decoding=\"async\" class=\" wp-image-8 alignleft\" src=\"https:\/\/komba-vgf.de\/wp\/wp-content\/uploads\/2016\/09\/Logo368x369-150x150.jpg\" alt=\"\" width=\"88\" height=\"88\" srcset=\"https:\/\/komba-vgf.de\/wp\/wp-content\/uploads\/2016\/09\/Logo368x369-150x150.jpg 150w, https:\/\/komba-vgf.de\/wp\/wp-content\/uploads\/2016\/09\/Logo368x369-300x300.jpg 300w, https:\/\/komba-vgf.de\/wp\/wp-content\/uploads\/2016\/09\/Logo368x369.jpg 368w\" sizes=\"auto, (max-width: 88px) 100vw, 88px\" \/>Dem Staat fehlen nach aktueller Einsch\u00e4tzung des dbb fast 330.000 Mitarbeiterinnen und Mitarbeiter. Nicht nur wegen der Corona-Pandemie und den Herausforderungen in den Bereichen Bildung und innere Sicherheit brauchen vor allem L\u00e4nder und Kommunen zus\u00e4tzliches Personal, damit sie ihre Aufgaben erf\u00fcllen k\u00f6nnen.<\/h2>\n<p>\u201eDer Bedarf w\u00e4chst seit Jahren um rund zehn Prozent j\u00e4hrlich\u201c, sagte der dbb Vorsitzende Ulrich Silberbach der Deutschen Presse-Agentur (dpa) in Berlin. \u201eDie demografische Entwicklung treibt eine Abw\u00e4rtsspirale an, gegen die die Kommunen, die L\u00e4nder und der Bund viel zu wenig gegensteuern.\u201c<\/p>\n<p>2021 gehen zwei Prozent der Besch\u00e4ftigten des \u00f6ffentlichen Dienstes in den Ruhestand. In den n\u00e4chsten 10 Jahren scheiden weitere 1,27 Millionen (oder 27 Prozent) der Kolleginnen und Kollegen altersbedingt aus dem \u00f6ffentlichen Dienst aus. Rechnet man davon die erwartbaren Neueinstellungen ab, bleibt \u2013 rechnerisch \u2013 eine Personall\u00fccke von mehreren hunderttausend Besch\u00e4ftigten, die dem \u00f6ffentlichen Dienst bei seiner Aufgabenerf\u00fcllung fehlen werden. Gleichzeitig stellen die Digitalisierung, der \u00f6kologische Umbau von Gesellschaft und Wirtschaft sowie die zunehmende Aggression und Gewaltbereitschaft in der Bev\u00f6lkerung den \u00f6ffentlichen Dienst vor neue Herausforderungen.<\/p>\n<p>Allein 145 000 Besch\u00e4ftigte fehlen in den Kommunen, hier schwerpunktm\u00e4\u00dfig den Kitas. \u201eDie L\u00e4nder und Kommunen haben zwar dazugelernt und in den letzten Jahren tausende Stellen geschaffen. Es fehlen aber weiterhin mindestens 100 000 Erzieherinnen und Erzieher\u201c, sagte dbb Chef Silberbach der dpa. 45 000 fehlende Mitarbeiterinnen und Mitarbeiter seien es in der Kranken- und Altenpflege. \u201eOhne die pflegenden Angeh\u00f6rigen w\u00fcrde die Altenpflege in Deutschland zusammenbrechen.\u201c<\/p>\n<p>Aktuell wird angesichts dieser Herausforderungen deutlich, wie sich der seit Jahren herbeigef\u00fchrte und vom dbb vielfach kritisierte Personalmangel auswirkt. \u201eWir sehen gerade auf dramatische Weise: Der deutsche Staat kann keine Pandemie\u201c, so Silberbach. Die Politik m\u00fcsse Priorit\u00e4ten setzen und f\u00fcr eine aufgabengerechte Personalausstattung sorgen.<\/p>\n<p>Weitere Infos auf den Seiten des <a class=\"external-link\" title=\"Open external link in new window\" href=\"https:\/\/www.dbb.de\/artikel\/dem-staat-fehlen-fast-330-000-mitarbeitende.html\" target=\"_blank\" rel=\"noopener\">dbb beamtenbund und tarifunion<\/a><\/p>\n","protected":false},"excerpt":{"rendered":"<p>Dem Staat fehlen nach aktueller Einsch\u00e4tzung des dbb fast 330.000 Mitarbeiterinnen und Mitarbeiter. Nicht nur wegen der Corona-Pandemie und den Herausforderungen in den Bereichen Bildung&#8230;<\/p>\n","protected":false},"author":2,"featured_media":0,"comment_status":"closed","ping_status":"closed","sticky":false,"template":"","format":"standard","meta":{"footnotes":""},"categories":[1],"tags":[],"class_list":["post-425","post","type-post","status-publish","format-standard","hentry","category-aktuelles","entry"],"_links":{"self":[{"href":"https:\/\/komba-vgf.de\/wp\/index.php?rest_route=\/wp\/v2\/posts\/425","targetHints":{"allow":["GET"]}}],"collection":[{"href":"https:\/\/komba-vgf.de\/wp\/index.php?rest_route=\/wp\/v2\/posts"}],"about":[{"href":"https:\/\/komba-vgf.de\/wp\/index.php?rest_route=\/wp\/v2\/types\/post"}],"author":[{"embeddable":true,"href":"https:\/\/komba-vgf.de\/wp\/index.php?rest_route=\/wp\/v2\/users\/2"}],"replies":[{"embeddable":true,"href":"https:\/\/komba-vgf.de\/wp\/index.php?rest_route=%2Fwp%2Fv2%2Fcomments&post=425"}],"version-history":[{"count":1,"href":"https:\/\/komba-vgf.de\/wp\/index.php?rest_route=\/wp\/v2\/posts\/425\/revisions"}],"predecessor-version":[{"id":426,"href":"https:\/\/komba-vgf.de\/wp\/index.php?rest_route=\/wp\/v2\/posts\/425\/revisions\/426"}],"wp:attachment":[{"href":"https:\/\/komba-vgf.de\/wp\/index.php?rest_route=%2Fwp%2Fv2%2Fmedia&parent=425"}],"wp:term":[{"taxonomy":"category","embeddable":true,"href":"https:\/\/komba-vgf.de\/wp\/index.php?rest_route=%2Fwp%2Fv2%2Fcategories&post=425"},{"taxonomy":"post_tag","embeddable":true,"href":"https:\/\/komba-vgf.de\/wp\/index.php?rest_route=%2Fwp%2Fv2%2Ftags&post=425"}],"curies":[{"name":"wp","href":"https:\/\/api.w.org\/{rel}","templated":true}]}}