{"id":291,"date":"2019-11-29T07:28:39","date_gmt":"2019-11-29T06:28:39","guid":{"rendered":"https:\/\/komba-vgf.de\/wp\/?p=291"},"modified":"2019-11-29T07:28:39","modified_gmt":"2019-11-29T06:28:39","slug":"busstreik","status":"publish","type":"post","link":"https:\/\/komba-vgf.de\/wp\/?p=291","title":{"rendered":"Busstreik"},"content":{"rendered":"<p>Besuch und Solitarot\u00e4tsbekundung bei den Streikenden Busfahren in Frankfurt Rebstock vers\u00fc\u00dft durch Leckereien und Kaffeespenden.<\/p>\n<figure id=\"attachment_287\" aria-describedby=\"caption-attachment-287\" style=\"width: 300px\" class=\"wp-caption alignleft\"><img loading=\"lazy\" decoding=\"async\" class=\"wp-image-287 size-medium\" src=\"https:\/\/komba-vgf.de\/wp\/wp-content\/uploads\/2019\/11\/Busstreik-300x225.jpg\" alt=\"Busstreik Rebstock komba\" width=\"300\" height=\"225\" srcset=\"https:\/\/komba-vgf.de\/wp\/wp-content\/uploads\/2019\/11\/Busstreik-300x225.jpg 300w, https:\/\/komba-vgf.de\/wp\/wp-content\/uploads\/2019\/11\/Busstreik-768x576.jpg 768w, https:\/\/komba-vgf.de\/wp\/wp-content\/uploads\/2019\/11\/Busstreik.jpg 800w\" sizes=\"auto, (max-width: 300px) 100vw, 300px\" \/><figcaption id=\"caption-attachment-287\" class=\"wp-caption-text\">Gruppenbild A.Poka mit den Streikenden.<\/figcaption><\/figure>\n","protected":false},"excerpt":{"rendered":"<p>Besuch und Solitarot\u00e4tsbekundung bei den Streikenden Busfahren in Frankfurt Rebstock vers\u00fc\u00dft durch Leckereien und Kaffeespenden.<\/p>\n","protected":false},"author":1,"featured_media":0,"comment_status":"closed","ping_status":"closed","sticky":false,"template":"","format":"standard","meta":{"footnotes":""},"categories":[1,4],"tags":[],"class_list":["post-291","post","type-post","status-publish","format-standard","hentry","category-aktuelles","category-fahrdienst","entry"],"_links":{"self":[{"href":"https:\/\/komba-vgf.de\/wp\/index.php?rest_route=\/wp\/v2\/posts\/291","targetHints":{"allow":["GET"]}}],"collection":[{"href":"https:\/\/komba-vgf.de\/wp\/index.php?rest_route=\/wp\/v2\/posts"}],"about":[{"href":"https:\/\/komba-vgf.de\/wp\/index.php?rest_route=\/wp\/v2\/types\/post"}],"author":[{"embeddable":true,"href":"https:\/\/komba-vgf.de\/wp\/index.php?rest_route=\/wp\/v2\/users\/1"}],"replies":[{"embeddable":true,"href":"https:\/\/komba-vgf.de\/wp\/index.php?rest_route=%2Fwp%2Fv2%2Fcomments&post=291"}],"version-history":[{"count":1,"href":"https:\/\/komba-vgf.de\/wp\/index.php?rest_route=\/wp\/v2\/posts\/291\/revisions"}],"predecessor-version":[{"id":292,"href":"https:\/\/komba-vgf.de\/wp\/index.php?rest_route=\/wp\/v2\/posts\/291\/revisions\/292"}],"wp:attachment":[{"href":"https:\/\/komba-vgf.de\/wp\/index.php?rest_route=%2Fwp%2Fv2%2Fmedia&parent=291"}],"wp:term":[{"taxonomy":"category","embeddable":true,"href":"https:\/\/komba-vgf.de\/wp\/index.php?rest_route=%2Fwp%2Fv2%2Fcategories&post=291"},{"taxonomy":"post_tag","embeddable":true,"href":"https:\/\/komba-vgf.de\/wp\/index.php?rest_route=%2Fwp%2Fv2%2Ftags&post=291"}],"curies":[{"name":"wp","href":"https:\/\/api.w.org\/{rel}","templated":true}]}}