{"id":161,"date":"2018-04-05T08:59:12","date_gmt":"2018-04-05T06:59:12","guid":{"rendered":"http:\/\/komba-vgf.de\/wp\/?p=161"},"modified":"2018-04-05T09:02:38","modified_gmt":"2018-04-05T07:02:38","slug":"unser-streiktag-am-28-03-2018","status":"publish","type":"post","link":"https:\/\/komba-vgf.de\/wp\/?p=161","title":{"rendered":"Unser Streiktag am 28.03.2018"},"content":{"rendered":"<p>Die komba Gewerkschaft richtete in den Betriebsbahnh\u00f6fen (BB) Gutleut, Heddernheim und Ost Streiklokale ein. Der Streiktag begann morgens um 02:00 Uhr so dass U- und Stra\u00dfenbahnen in den Depots stehen blieben. Selbstredend wurden auch die restlichen Liegenschaften der VGF mit Warnstreikaufrufen \u201etapeziert\u201c. Unsere Kollegen der FES (Frankfurter Entsorgungs- und Service GmbH) und FFR (Frankfurter Fu\u00dfweg-Reinigung) erkl\u00e4rten sich mit uns solidarisch und kamen zu einem Solidarit\u00e4tsstreik nach BB Gutleut.<\/p>\n<p><img loading=\"lazy\" decoding=\"async\" class=\"aligncenter  wp-image-165\" src=\"https:\/\/komba-vgf.de\/wp\/wp-content\/uploads\/2018\/04\/Karabasweb.jpg\" alt=\"\" width=\"579\" height=\"434\" srcset=\"https:\/\/komba-vgf.de\/wp\/wp-content\/uploads\/2018\/04\/Karabasweb.jpg 800w, https:\/\/komba-vgf.de\/wp\/wp-content\/uploads\/2018\/04\/Karabasweb-300x225.jpg 300w, https:\/\/komba-vgf.de\/wp\/wp-content\/uploads\/2018\/04\/Karabasweb-768x576.jpg 768w\" sizes=\"auto, (max-width: 579px) 100vw, 579px\" \/><br \/>\nW\u00e4hrend des ganzen Streiktages verw\u00f6hnten wir alle Streikenden mit vor Ort frisch gebackenen Waffeln, was das schlechte Wetter zumindest zeitweise vergessen lie\u00df. Abgerundet wurde der Tag durch zahlreiche Interviews mit Radio- und Fernsehsendern, in denen wir sowohl Position wie Situation der Streikenden darstellen konnten. Wir hoffen dem Arbeitgeber mit dieser Aktion eine \u201eklare Kante\u201c gezeigt zu haben. Sind jedoch jederzeit bereit dies durch weitere Aktionen erneut unter Beweis zu stellen. Die Bereitschaft der Kolleginnen und Kollegen hierzu ist in jedem Fall vorhanden und wurde lautstark bekundet.<\/p>\n<p><img loading=\"lazy\" decoding=\"async\" class=\"aligncenter size-full wp-image-158\" src=\"https:\/\/komba-vgf.de\/wp\/wp-content\/uploads\/2018\/03\/erunde_dbb.jpg\" alt=\"\" width=\"200\" height=\"200\" srcset=\"https:\/\/komba-vgf.de\/wp\/wp-content\/uploads\/2018\/03\/erunde_dbb.jpg 200w, https:\/\/komba-vgf.de\/wp\/wp-content\/uploads\/2018\/03\/erunde_dbb-150x150.jpg 150w\" sizes=\"auto, (max-width: 200px) 100vw, 200px\" \/><\/p>\n","protected":false},"excerpt":{"rendered":"<p>Die komba Gewerkschaft richtete in den Betriebsbahnh\u00f6fen (BB) Gutleut, Heddernheim und Ost Streiklokale ein. Der Streiktag begann morgens um 02:00 Uhr so dass U- und&#8230;<\/p>\n","protected":false},"author":2,"featured_media":0,"comment_status":"closed","ping_status":"closed","sticky":false,"template":"","format":"standard","meta":{"footnotes":""},"categories":[1],"tags":[],"class_list":["post-161","post","type-post","status-publish","format-standard","hentry","category-aktuelles","entry"],"_links":{"self":[{"href":"https:\/\/komba-vgf.de\/wp\/index.php?rest_route=\/wp\/v2\/posts\/161","targetHints":{"allow":["GET"]}}],"collection":[{"href":"https:\/\/komba-vgf.de\/wp\/index.php?rest_route=\/wp\/v2\/posts"}],"about":[{"href":"https:\/\/komba-vgf.de\/wp\/index.php?rest_route=\/wp\/v2\/types\/post"}],"author":[{"embeddable":true,"href":"https:\/\/komba-vgf.de\/wp\/index.php?rest_route=\/wp\/v2\/users\/2"}],"replies":[{"embeddable":true,"href":"https:\/\/komba-vgf.de\/wp\/index.php?rest_route=%2Fwp%2Fv2%2Fcomments&post=161"}],"version-history":[{"count":4,"href":"https:\/\/komba-vgf.de\/wp\/index.php?rest_route=\/wp\/v2\/posts\/161\/revisions"}],"predecessor-version":[{"id":166,"href":"https:\/\/komba-vgf.de\/wp\/index.php?rest_route=\/wp\/v2\/posts\/161\/revisions\/166"}],"wp:attachment":[{"href":"https:\/\/komba-vgf.de\/wp\/index.php?rest_route=%2Fwp%2Fv2%2Fmedia&parent=161"}],"wp:term":[{"taxonomy":"category","embeddable":true,"href":"https:\/\/komba-vgf.de\/wp\/index.php?rest_route=%2Fwp%2Fv2%2Fcategories&post=161"},{"taxonomy":"post_tag","embeddable":true,"href":"https:\/\/komba-vgf.de\/wp\/index.php?rest_route=%2Fwp%2Fv2%2Ftags&post=161"}],"curies":[{"name":"wp","href":"https:\/\/api.w.org\/{rel}","templated":true}]}}