{"id":135,"date":"2017-11-20T15:28:02","date_gmt":"2017-11-20T14:28:02","guid":{"rendered":"http:\/\/komba-vgf.de\/wp\/?p=135"},"modified":"2018-03-26T19:07:16","modified_gmt":"2018-03-26T17:07:16","slug":"erste-hessische-raetekonferenz-der-komba","status":"publish","type":"post","link":"https:\/\/komba-vgf.de\/wp\/?p=135","title":{"rendered":"Erste hessische R\u00e4tekonferenz der komba"},"content":{"rendered":"<p>Regen Zuspruch erlebte die erste hessische R\u00e4tekonferenz der komba gewerkschaft. Im sch\u00f6nen Heppenheim trafen sich Personal-und Betriebsr\u00e4te aus Hessen, um sich \u00fcber ihre Erfahrungen im Umgang mit dem Personalvertretungs- und Betriebsverfassungsgesetzt auszutauschen. An Hand markanter Paragraphen der jeweiligen Vertretungsgrundlagen fanden intensive Diskussionen statt.<\/p>\n<p>Weitere behandelte Themen waren unter anderem die jeweiligen Tarife, Formen der Leiharbeit, M\u00f6glichkeiten der \u00d6ffentlichkeitsarbeit.<\/p>\n<p>Verschiedene Fachaussch\u00fcsse konnten konstruktive Anregungen der Teilnehmer mitnehmen.<\/p>\n<p>Zum Ende der beiden Tage wurde das Interesse der Beteiligten an der Fortsetzung dieser Form des Austausches deutlich gemacht.<\/p>\n<p>Unser Dank gilt der Kollegin in Heppenheim, die f\u00fcr uns sowohl ein sch\u00f6nes Quartier, als auch ein tolles Rahmenprogramm aussuchte.<\/p>\n<p><img loading=\"lazy\" decoding=\"async\" class=\"wp-image-136 size-medium alignleft\" src=\"https:\/\/komba-vgf.de\/wp\/wp-content\/uploads\/2017\/11\/IMG_5178-300x225.jpg\" alt=\"\" width=\"300\" height=\"225\" srcset=\"https:\/\/komba-vgf.de\/wp\/wp-content\/uploads\/2017\/11\/IMG_5178-300x225.jpg 300w, https:\/\/komba-vgf.de\/wp\/wp-content\/uploads\/2017\/11\/IMG_5178-768x576.jpg 768w, https:\/\/komba-vgf.de\/wp\/wp-content\/uploads\/2017\/11\/IMG_5178.jpg 1024w\" sizes=\"auto, (max-width: 300px) 100vw, 300px\" \/> <img loading=\"lazy\" decoding=\"async\" class=\"wp-image-137 size-medium alignleft\" src=\"https:\/\/komba-vgf.de\/wp\/wp-content\/uploads\/2017\/11\/IMG_5180-300x225.jpg\" alt=\"\" width=\"300\" height=\"225\" srcset=\"https:\/\/komba-vgf.de\/wp\/wp-content\/uploads\/2017\/11\/IMG_5180-300x225.jpg 300w, https:\/\/komba-vgf.de\/wp\/wp-content\/uploads\/2017\/11\/IMG_5180-768x576.jpg 768w, https:\/\/komba-vgf.de\/wp\/wp-content\/uploads\/2017\/11\/IMG_5180.jpg 1024w\" sizes=\"auto, (max-width: 300px) 100vw, 300px\" \/> <img loading=\"lazy\" decoding=\"async\" class=\"wp-image-138 size-medium alignleft\" src=\"https:\/\/komba-vgf.de\/wp\/wp-content\/uploads\/2017\/11\/IMG_5181-300x225.jpg\" alt=\"\" width=\"300\" height=\"225\" srcset=\"https:\/\/komba-vgf.de\/wp\/wp-content\/uploads\/2017\/11\/IMG_5181-300x225.jpg 300w, https:\/\/komba-vgf.de\/wp\/wp-content\/uploads\/2017\/11\/IMG_5181-768x576.jpg 768w, https:\/\/komba-vgf.de\/wp\/wp-content\/uploads\/2017\/11\/IMG_5181.jpg 1024w\" sizes=\"auto, (max-width: 300px) 100vw, 300px\" \/> <img loading=\"lazy\" decoding=\"async\" class=\"wp-image-139 size-medium alignleft\" src=\"https:\/\/komba-vgf.de\/wp\/wp-content\/uploads\/2017\/11\/IMG_5182-300x225.jpg\" alt=\"\" width=\"300\" height=\"225\" srcset=\"https:\/\/komba-vgf.de\/wp\/wp-content\/uploads\/2017\/11\/IMG_5182-300x225.jpg 300w, https:\/\/komba-vgf.de\/wp\/wp-content\/uploads\/2017\/11\/IMG_5182-768x576.jpg 768w, https:\/\/komba-vgf.de\/wp\/wp-content\/uploads\/2017\/11\/IMG_5182.jpg 1024w\" sizes=\"auto, (max-width: 300px) 100vw, 300px\" \/> <img loading=\"lazy\" decoding=\"async\" class=\"wp-image-140 alignleft\" src=\"https:\/\/komba-vgf.de\/wp\/wp-content\/uploads\/2017\/11\/IMG_5184-225x300.jpg\" alt=\"\" width=\"168\" height=\"224\" srcset=\"https:\/\/komba-vgf.de\/wp\/wp-content\/uploads\/2017\/11\/IMG_5184-225x300.jpg 225w, https:\/\/komba-vgf.de\/wp\/wp-content\/uploads\/2017\/11\/IMG_5184.jpg 768w\" sizes=\"auto, (max-width: 168px) 100vw, 168px\" \/><\/p>\n<p>&nbsp;<\/p>\n<p>&nbsp;<\/p>\n<p>&nbsp;<\/p>\n<p>&nbsp;<\/p>\n<p>&nbsp;<\/p>\n<p>&nbsp;<\/p>\n<p>&nbsp;<\/p>\n<p>&nbsp;<\/p>\n<p>&nbsp;<\/p>\n<p>&nbsp;<\/p>\n<p>&nbsp;<\/p>\n<p>&nbsp;<\/p>\n<p>&nbsp;<\/p>\n<p>&nbsp;<\/p>\n<p>&nbsp;<\/p>\n<p>Last not least gilt unser Dank den Referenten f\u00fcr ihre interessanten Vortr\u00e4ge, sowie dem Gesch\u00e4ftszimmer f\u00fcr die tatkr\u00e4ftige Unterst\u00fctzung<br \/>\nbei der Organisation.<\/p>\n<p>Euer \u201eOrgateam\u201c<\/p>\n<p>Freundliche Gr\u00fc\u00dfe<\/p>\n<p>Arno Poka<br \/>\nBetriebsrat<\/p>\n","protected":false},"excerpt":{"rendered":"<p>Regen Zuspruch erlebte die erste hessische R\u00e4tekonferenz der komba gewerkschaft. Im sch\u00f6nen Heppenheim trafen sich Personal-und Betriebsr\u00e4te aus Hessen, um sich \u00fcber ihre Erfahrungen im&#8230;<\/p>\n","protected":false},"author":2,"featured_media":0,"comment_status":"closed","ping_status":"closed","sticky":false,"template":"","format":"standard","meta":{"footnotes":""},"categories":[1],"tags":[],"class_list":["post-135","post","type-post","status-publish","format-standard","hentry","category-aktuelles","entry"],"_links":{"self":[{"href":"https:\/\/komba-vgf.de\/wp\/index.php?rest_route=\/wp\/v2\/posts\/135","targetHints":{"allow":["GET"]}}],"collection":[{"href":"https:\/\/komba-vgf.de\/wp\/index.php?rest_route=\/wp\/v2\/posts"}],"about":[{"href":"https:\/\/komba-vgf.de\/wp\/index.php?rest_route=\/wp\/v2\/types\/post"}],"author":[{"embeddable":true,"href":"https:\/\/komba-vgf.de\/wp\/index.php?rest_route=\/wp\/v2\/users\/2"}],"replies":[{"embeddable":true,"href":"https:\/\/komba-vgf.de\/wp\/index.php?rest_route=%2Fwp%2Fv2%2Fcomments&post=135"}],"version-history":[{"count":1,"href":"https:\/\/komba-vgf.de\/wp\/index.php?rest_route=\/wp\/v2\/posts\/135\/revisions"}],"predecessor-version":[{"id":141,"href":"https:\/\/komba-vgf.de\/wp\/index.php?rest_route=\/wp\/v2\/posts\/135\/revisions\/141"}],"wp:attachment":[{"href":"https:\/\/komba-vgf.de\/wp\/index.php?rest_route=%2Fwp%2Fv2%2Fmedia&parent=135"}],"wp:term":[{"taxonomy":"category","embeddable":true,"href":"https:\/\/komba-vgf.de\/wp\/index.php?rest_route=%2Fwp%2Fv2%2Fcategories&post=135"},{"taxonomy":"post_tag","embeddable":true,"href":"https:\/\/komba-vgf.de\/wp\/index.php?rest_route=%2Fwp%2Fv2%2Ftags&post=135"}],"curies":[{"name":"wp","href":"https:\/\/api.w.org\/{rel}","templated":true}]}}